{"id":5318,"date":"2026-08-30T10:21:24","date_gmt":"2026-08-30T08:21:24","guid":{"rendered":"https:\/\/www.andalucialegal.com\/?p=5318"},"modified":"2026-08-30T10:21:24","modified_gmt":"2026-08-30T08:21:24","slug":"fractura-social-en-espana-y-cordoba-vs-fractura-de-elites","status":"publish","type":"post","link":"https:\/\/www.andalucialegal.com\/?p=5318","title":{"rendered":"FRACTURA SOCIAL EN ESPA\u00d1A Y C\u00d3RDOBA VS. (FRACTURA DE \u00c9LITES)"},"content":{"rendered":"\n<p class=\"has-text-align-center\"><em>Algunos de los lectores del blog me preguntan, <strong>\u00bf<\/strong>si es cierto que existe en Espa\u00f1a una factura social<strong>?<\/strong>. As\u00ed que intentaremos explicar que fractura es la que se ha establecido en Espa\u00f1a y por qu\u00e9.<\/em><\/p>\n\n\n\n<p>1.- Consideraciones previas y objeto de an\u00e1lisis.<\/p>\n\n\n\n<p>Se trata de analizar, con el m\u00e1ximo rigor procesal y sustantivo, la posible existencia de una &#8220;fractura social real&#8221; en Espa\u00f1a, as\u00ed, que se efectuaremos un triple desglose de l\u00edneas de ataque (formales, de fondo y probatorias) evaluando sus riesgos intr\u00ednsecos y ponderando su probabilidad de \u00e9xito, a la vez, que formulamos una tesis &nbsp;rompedora e innovadora.<\/p>\n\n\n\n<p><strong><u>***<\/u><\/strong>Tesis central:<\/p>\n\n\n\n<p><strong>\u201c*<\/strong><em>Los ataques desde el Gobierno al Rey Felipe VI y a la Corona<\/em>, *el incumplimiento del deber de lealtad constitucional por parte del Ejecutivo de Pedro S\u00e1nchez y *<em>la superaci\u00f3n de los l\u00edmites formales mediante <strong>\u201c<\/strong>caminos inconstitucionales<strong>\u201d<\/strong><\/em> est\u00e1n produciendo una fractura social real e irreversible que la Constituci\u00f3n de 1978 logr\u00f3 evitar<strong>\u201d<\/strong>.<\/p>\n\n\n\n<p>2.- Estrategia &#8211; (L\u00edneas de ataque, evaluaci\u00f3n de riesgos y prevalencia).<\/p>\n\n\n\n<p><strong><u>***<\/u><\/strong>Se contrapone *la polarizaci\u00f3n pol\u00edtica con *la articulaci\u00f3n democr\u00e1tica, y, se formulan las l\u00edneas de ataque en un escenario de impugnaci\u00f3n formal o recurso de inconstitucionalidad\/amparo institucional.<\/p>\n\n\n\n<p><strong>A.-<\/strong> Categorizaci\u00f3n de l\u00edneas de ataque.<\/p>\n\n\n\n<p>1.- Flanco formal &#8211; (ataque procesal y procedimental).<\/p>\n\n\n\n<p><strong>&lt;-<\/strong>Sub-l\u00ednea F1 &#8211; (Falta de legitimaci\u00f3n \/ Indeterminaci\u00f3n del acto impugnable): Atacar que la &#8220;fractura social&#8221; o el &#8220;discurso pol\u00edtico&#8221; no constituyen actos jur\u00eddicos manifestados mediante disposiciones, resoluciones o actos definitivos susceptibles de recurso directo de inconstitucionalidad (Art. 27 LOTC).<\/p>\n\n\n\n<p><strong>&lt;-<\/strong>Sub-l\u00ednea F2 &#8211; (Invasi\u00f3n de la reserva de reforma constitucional Art. 168 CE v\u00eda mutaci\u00f3n constitucional de hecho): Impugnar formalmente el uso reiterado del Real Decreto-Ley y Proposiciones de Ley parlamentarias para eludir los informes preceptivos del Consejo de Estado y del CGPJ en leyes de calado estructural (ej. Amnist\u00eda).<\/p>\n\n\n\n<p>2.- Flanco de fondo &#8211; (ataque sustantivo y dogm\u00e1tico).<\/p>\n\n\n\n<p><strong>&lt;-<\/strong>Sub-l\u00ednea S1 &#8211; (Vulneraci\u00f3n del principio de lealtad institucional y neutralidad del Rey &#8211; Art. 56 CE): Sostener que la omisi\u00f3n de defensa del Monarca o el cuestionamiento de la Corona por Ministros del Gobierno vulnera <em>el n\u00facleo dogm\u00e1tico de la Monarqu\u00eda Parlamentaria y la irresponsabilidad pol\u00edtica del Rey<\/em>.<\/p>\n\n\n\n<p><strong>&lt;-<\/strong>Sub-l\u00ednea S2 &#8211; (Inexistencia de democracia militante y exclusividad del filtro del TC): Argumentar que, bajo la jurisprudencia constitucional firme (STC 42\/2014, STC 31\/2010), el sistema espa\u00f1ol permite la cr\u00edtica radical a cualquier instituci\u00f3n si no hay quebrantamiento expreso del ordenamiento normativo sancionado por el TC.<\/p>\n\n\n\n<p>3.- Flanco probatorio &#8211; (ataque f\u00e1ctico).<\/p>\n\n\n\n<p><strong>&lt;-<\/strong>Sub-l\u00ednea P1 &#8211; (<em>Ausencia de indicadores objetivos de quiebra de la paz social<\/em>): Exhibir datos macroecon\u00f3micos, \u00edndices de criminalidad, cohesi\u00f3n laboral e integraci\u00f3n para demostrar la inexistencia de un colapso del tejido civil.<\/p>\n\n\n\n<p><strong>&lt;-<\/strong>Sub-l\u00ednea P2 &#8211; (<em>Inconsistencia probatoria del sesgo identitario y afecci\u00f3n a C\u00f3rdoba<\/em>): Demostrar mediante encuestas socio-pol\u00edticas que la tensi\u00f3n discursiva no se traduce en ruptura de la convivencia vecinal o gremial a nivel local.<\/p>\n\n\n\n<p><strong>B.- <\/strong>Evaluaci\u00f3n de riesgos y ordenaci\u00f3n de mayor a menor probabilidad de \u00e9xito.<\/p>\n\n\n\n<p><strong>*<\/strong>Orden<strong> &#8211; *<\/strong>L\u00ednea de ataque<strong>.<\/strong><\/p>\n\n\n\n<p>1\u00ba. Inadmisibilidad por falta de acto objeto de control (F1).<\/p>\n\n\n\n<p>2\u00ba. Inexistencia de cl\u00e1usula de intangibilidad \/ No democracia militante (S2).<\/p>\n\n\n\n<p>3\u00ba. Insuficiencia probatoria de ruptura de paz civil (P1)<\/p>\n\n\n\n<p>4\u00aa. Fraude de ley procedimental \/ Elusi\u00f3n del art. 168 CE (F2).<\/p>\n\n\n\n<p>5\u00ba. Quiebra del principio sustantivo de lealtad a la Corona (S1).<\/p>\n\n\n\n<p><strong>*<\/strong>Tipo.&nbsp; 1\u00ba. Formal. 2\u00ba. Fondo. 3\u00ba. Probatoria. 4\u00ba. Formal. 5\u00ba. Fondo.<\/p>\n\n\n\n<p><strong>*<\/strong>Viabilidad \/ \u00e9xito. 1\u00ba. MUY ALTA (90%). 2\u00ba. ALTA (80%). 3\u00ba. ALTA (75%). 4\u00ba. MEDIA (50%). 5\u00ba. BAJA (30%).<\/p>\n\n\n\n<p><strong>*<\/strong>Riesgo procesal \/ t\u00e1ctico.<\/p>\n\n\n\n<p>1\u00ba. Bajo: Imposible fundamentar recurso directo contra meras din\u00e1micas pol\u00edtico discursivas o intenciones. 2\u00ba. Medio: Doctrina del TC consolidada que ampara debates sobre la forma de Estado si el cauce es parlamentario. 3\u00ba. Bajo: Los indicadores de paz social y normalidad operativa institucional contradicen la &#8220;ruptura&#8221;. 4\u00ba. Alto: El TC tiende a validar la libertad de configuraci\u00f3n parlamentaria si se respetan las mayor\u00edas formales. 5\u00ba. Muy Alto: Entra en el terreno de la &#8216;\u00e9tica institucional&#8217;, dif\u00edcilmente exigible en sede de estricto ius positivismo.<\/p>\n\n\n\n<p>3.- Tesis original, innovadora y cr\u00edtica.<\/p>\n\n\n\n<p><em>(Se fusiona el rigor dogm\u00e1tico, la sociolog\u00eda cr\u00edtica y la r\u00e9plica al planteamiento de la tesis)<\/em><\/p>\n\n\n\n<p><strong>&lt;-<\/strong>La ilusi\u00f3n de la fractura civil frente al colapso de la \u00e9tica constitucional.<\/p>\n\n\n\n<p>&nbsp;El debate sobre la coexistencia en la Espa\u00f1a contempor\u00e1nea ha quedado atrapado en una falsa dicotom\u00eda: *La complacencia del procedimentalismo vacuo* o *el catastrofismo de la ruptura social.<\/p>\n\n\n\n<p><strong><u>**<\/u><\/strong>Un an\u00e1lisis cr\u00edtico exige superar la falacia de que existe una lucha cainita en las calles y situar el diagn\u00f3stico en su verdadero epicentro:<\/p>\n\n\n\n<p class=\"has-text-align-center\"><strong>\u201c<em>La mutaci\u00f3n institucional por vaciamiento de la lealtad de las \u00e9lites<\/em>\u201d<\/strong>.<\/p>\n\n\n\n<p>Mientras que la sociedad civil opera en un r\u00e9gimen de pragm\u00e1tica normalidad socioecon\u00f3mica -sostenida por redes de solidaridad familiar y cotorras de interacci\u00f3n cotidiana-, <strong><u>*<\/u><\/strong><em>la clase pol\u00edtica dirigente ha inaugurado un modelo de &#8220;polarizaci\u00f3n extractiva&#8221;<\/em>.<\/p>\n\n\n\n<p><strong><u>*<\/u><\/strong>No hay fractura social en el tejido ciudadano, ya que, <em>lo que presenciamos es la ruptura deliberada del pacto no escrito de 1978 por parte del Poder Ejecutivo para garantizar la persistencia del poder formal<\/em>.<\/p>\n\n\n\n<p class=\"has-text-align-center\">Al desmantelar la funci\u00f3n arbitral de la Jefatura del Estado mediante el silencio sistem\u00e1tico o la cr\u00edtica instrumentalizada de socios de gobierno, no se est\u00e1 permitiendo la &#8220;expresi\u00f3n del pluralismo&#8221;, <em>sino desgastando la autoritas de la \u00fanica instituci\u00f3n dise\u00f1ada para amortiguar el choque entre bloques<\/em>.<\/p>\n\n\n\n<p class=\"has-text-align-center\">La trampa procedimental del presente r\u00e9gimen radica en asumir que todo lo que no est\u00e9 expl\u00edcitamente prohibido por una mayor\u00eda coyuntural es constitucionalmente leg\u00edtimo. <em>Esta visi\u00f3n hiperpositivista transforma la Carta Magna en un mero reglamento de juego sustituible, anulando su condici\u00f3n de norma rectora e identidad de concordia<\/em>.<\/p>\n\n\n\n<p>4.- La fractura social en Espa\u00f1a con especial consideraci\u00f3n de C\u00f3rdoba.<\/p>\n\n\n\n<p>I. La naturaleza real de la crispaci\u00f3n &#8211; (Fractura institucional vs. Cohesi\u00f3n social.)<\/p>\n\n\n\n<p><em>Desde un an\u00e1lisis emp\u00edrico e institucional se puede aseverar que en Espa\u00f1a no existe una &#8220;fractura social&#8221; en t\u00e9rminos de secesi\u00f3n civil, segregaci\u00f3n comunitaria o violencia pol\u00edtica en el espacio p\u00fablico<\/em>, ya que, lo que experimenta la Naci\u00f3n es una &#8220;<strong>Fractura de las \u00c9lites<\/strong>&#8221; &#8211; (Crispaci\u00f3n de Superestructura).<\/p>\n\n\n\n<p><strong>*<\/strong>La brecha afectiva instrumental:La hostilidad entre bloques no brota espont\u00e1neamente de la ciudadan\u00eda, <em>sino que es teledirigida desde las plataformas parlamentarias y medi\u00e1ticas mediante la ret\u00f3rica del &#8220;muro&#8221;<\/em>, convirtiendo la discrepancia ideol\u00f3gica en un conflicto moral irreconciliable.<\/p>\n\n\n\n<p><strong>*<\/strong>El vaciamiento de la concordia del 78: La degradaci\u00f3n del esp\u00edritu constitucional no radica en la presencia de fuerzas independentistas o republicanas en las Cortes -rasgo propio del pluralismo-, <em>sino en *la asunci\u00f3n por parte del Gobierno central de la agenda de impugnaci\u00f3n de la Corona como peaje de gobernabilidad*<\/em>.<\/p>\n\n\n\n<p>II. C\u00f3rdoba &#8211; (Una sociedad amortiguadora).<\/p>\n\n\n\n<p>Quiz\u00e1s, si se analiza el problema de la polarizaci\u00f3n con la mirada puesta en C\u00f3rdoba se puede ofrecer &nbsp;una perspectiva imprescindible para <strong>*<\/strong>desmitificar la tesis de la fractura social generalizada y *<em>comprender el verdadero impacto de la crisis de lealtad institucional<\/em>:<\/p>\n\n\n\n<p>1.- La inmunidad del tejido social y la cultura de concordia: C\u00f3rdoba, por su poso hist\u00f3rico y estructura sociol\u00f3gica, act\u00faa como un potente amortiguador de la crispaci\u00f3n del debate madrile\u00f1o. <em>Las din\u00e1micas de convivencia en la capital y en la provincia<\/em> (Vega del Guadalquivir, Subb\u00e9tica, Valle de los Pedroches) <em>muestran una cohesi\u00f3n comunitaria inalterada donde las discrepancias pol\u00edticas no destruyen la articulaci\u00f3n social, familiar ni la asociativa<\/em>.<\/p>\n\n\n\n<p>2.- Fractura socioecon\u00f3mica vs. Fractura identitaria: El verdadero reto social en C\u00f3rdoba no es la divisi\u00f3n din\u00e1stica o constitucional<em>, sino la brecha de desigualdad estructural<\/em>. <em>La coexistencia de barrios entre los de menor renta de Espa\u00f1a<\/em> (como las Zonas necesitadas de transformaci\u00f3n social en el Distrito Sur o Las Palmeras) <em>con \u00e1reas de alto desarrollo<\/em>, representa una fractura de oportunidades real que el debate pol\u00edtico de bloques invisibiliza.<\/p>\n\n\n\n<p>3.- El \u00e1mbito laboral: En el fuero del Derecho del Trabajo y las relaciones laborales cordobesas, la concertaci\u00f3n entre patronal y sindicatos ha demostrado una madurez superior a la del \u00e1mbito pol\u00edtico nacional, porque &nbsp;*no existe un conflicto de clase asim\u00e9trico o polarizado*, *<em>sino una constante b\u00fasqueda de acuerdos que garantiza la paz social laboral a pesar de las presiones normativas del Ejecutivo*<\/em>.<\/p>\n\n\n\n<p>4.- Impacto municipal y lealtad institucional: A nivel municipal y capitular, la pol\u00edtica cordobesa mantiene canales de di\u00e1logo y respeto institucional entre el Gobierno local y la oposici\u00f3n que contrastan frontalmente con la dial\u00e9ctica de &#8220;muros&#8221; del Congreso de los Diputados. <em>La figura del servidor p\u00fablico e inspector en la provincia atestigua que la Administraci\u00f3n intenta &nbsp;funcionar siempre con objetividad (art. 103 CE) al margen de las tormentas ret\u00f3ricas<\/em>.<\/p>\n\n\n\n<p>III. Conclusiones y propuesta.<\/p>\n\n\n\n<p>1.- &nbsp;Ilegalidad sustantiva de la tesis de ruptura en Sede Judicial: Cualquier intento procesal de declarar la inconstitucionalidad global de la actuaci\u00f3n del Ejecutivo por &#8220;fractura social&#8221; colapsar\u00e1 por motivos formales (F1) y de ortodoxia garantista (S2).<\/p>\n\n\n\n<p>2.- Ruptura de la \u00e9tica constitucional: Es un hecho m\u00e1s que razonable y probado, <em>que la denuncia de que *el Ejecutivo est\u00e1 forzando los l\u00edmites formales*, sustituyendo la &#8220;\u00e9tica del consenso&#8221; por un &#8220;utilitarismo procedimental&#8221; que carcome la Monarqu\u00eda Parlamentaria<\/em>, <em><s><u>es una certeza<\/u><\/s><\/em>.<\/p>\n\n\n\n<p>3.- An\u00e1lisis de &nbsp;C\u00f3rdoba: C\u00f3rdoba es la prueba fehaciente de que la Espa\u00f1a real se niega a fracturarse bajo las pautas de la Espa\u00f1a oficial.<\/p>\n\n\n\n<p class=\"has-text-align-center\"><em>La soluci\u00f3n a la crispaci\u00f3n pasa por restituir el principio de lealtad constitucional en la c\u00faspide del Estado sin descuidar las verdaderas brechas socioecon\u00f3micas del territorio.<\/em><\/p>\n\n\n\n<p><strong><u>N.B.<\/u><\/strong> Imagen. Fractura social en Espa\u00f1a y C\u00f3rdoba &#8211; vs. -(Fractura de \u00e9lites) &#8211; An\u00e1lisis cr\u00edtico.<\/p>\n\n\n\n<figure class=\"wp-block-image size-large\"><a href=\"https:\/\/www.andalucialegal.com\/wp-content\/uploads\/2026\/08\/image-15.jpeg\" ><img loading=\"lazy\" width=\"850\" height=\"464\" src=\"https:\/\/www.andalucialegal.com\/wp-content\/uploads\/2026\/08\/image-15.jpeg\" alt=\"\" class=\"wp-image-5319\" srcset=\"https:\/\/www.andalucialegal.com\/wp-content\/uploads\/2026\/08\/image-15.jpeg 850w, https:\/\/www.andalucialegal.com\/wp-content\/uploads\/2026\/08\/image-15-300x164.jpeg 300w, https:\/\/www.andalucialegal.com\/wp-content\/uploads\/2026\/08\/image-15-768x419.jpeg 768w, https:\/\/www.andalucialegal.com\/wp-content\/uploads\/2026\/08\/image-15-624x341.jpeg 624w\" sizes=\"(max-width: 850px) 100vw, 850px\" \/><\/a><\/figure>\n\n\n\n<p>C\u00f3rdoba, a 30 de agosto de 2026.<\/p>\n\n\n\n<p>Fdo. Enrique Garc\u00eda Montoya.<\/p>\n\n\n\n<p>&nbsp;Abogado ICA-C\u00f3rdoba. Inspector de Trabajo y S.S.<\/p>\n\n\n\n<p>Exconcejal del Ayuntamiento de C\u00f3rdoba<\/p>\n<!-- AddThis Advanced Settings generic via filter on the_content --><!-- AddThis Share Buttons generic via filter on the_content -->","protected":false},"excerpt":{"rendered":"<p>Algunos de los lectores del blog me preguntan, \u00bfsi es cierto que existe en Espa\u00f1a una factura social?. As\u00ed que intentaremos explicar que fractura es la que se ha establecido en Espa\u00f1a y por qu\u00e9. 1.- Consideraciones previas y objeto de an\u00e1lisis. Se trata de analizar, con el m\u00e1ximo rigor procesal y sustantivo, la posible [&hellip;]<!-- AddThis Advanced Settings generic via filter on get_the_excerpt --><!-- AddThis Share Buttons generic via filter on get_the_excerpt --><\/p>\n","protected":false},"author":2,"featured_media":0,"comment_status":"closed","ping_status":"closed","sticky":false,"template":"","format":"standard","meta":[],"categories":[1],"tags":[2433,3486,6225,504,6038,1026,1462,6226,6214,477,6153,6223,2522,6213,222,6221,6217,6215,26,6095,5527,217,3495,4862,3866,6158,6071,6165,5861,1260,6224,323,262,6216,1575,443,1782,3767,257,6222,3693,5811,1043,4101,6219],"_links":{"self":[{"href":"https:\/\/www.andalucialegal.com\/index.php?rest_route=\/wp\/v2\/posts\/5318"}],"collection":[{"href":"https:\/\/www.andalucialegal.com\/index.php?rest_route=\/wp\/v2\/posts"}],"about":[{"href":"https:\/\/www.andalucialegal.com\/index.php?rest_route=\/wp\/v2\/types\/post"}],"author":[{"embeddable":true,"href":"https:\/\/www.andalucialegal.com\/index.php?rest_route=\/wp\/v2\/users\/2"}],"replies":[{"embeddable":true,"href":"https:\/\/www.andalucialegal.com\/index.php?rest_route=%2Fwp%2Fv2%2Fcomments&post=5318"}],"version-history":[{"count":1,"href":"https:\/\/www.andalucialegal.com\/index.php?rest_route=\/wp\/v2\/posts\/5318\/revisions"}],"predecessor-version":[{"id":5320,"href":"https:\/\/www.andalucialegal.com\/index.php?rest_route=\/wp\/v2\/posts\/5318\/revisions\/5320"}],"wp:attachment":[{"href":"https:\/\/www.andalucialegal.com\/index.php?rest_route=%2Fwp%2Fv2%2Fmedia&parent=5318"}],"wp:term":[{"taxonomy":"category","embeddable":true,"href":"https:\/\/www.andalucialegal.com\/index.php?rest_route=%2Fwp%2Fv2%2Fcategories&post=5318"},{"taxonomy":"post_tag","embeddable":true,"href":"https:\/\/www.andalucialegal.com\/index.php?rest_route=%2Fwp%2Fv2%2Ftags&post=5318"}],"curies":[{"name":"wp","href":"https:\/\/api.w.org\/{rel}","templated":true}]}}