{"id":5329,"date":"2026-09-03T12:17:09","date_gmt":"2026-09-03T10:17:09","guid":{"rendered":"https:\/\/www.andalucialegal.com\/?p=5329"},"modified":"2026-09-03T12:17:11","modified_gmt":"2026-09-03T10:17:11","slug":"sublevacion-contra-el-poder-espana-sin-contrapesos-legitimidad-de-la-rebelion-ciudadana","status":"publish","type":"post","link":"https:\/\/www.andalucialegal.com\/?p=5329","title":{"rendered":"Sublevaci\u00f3n contra el poder &#8211; Espa\u00f1a sin contrapesos &#8211; Legitimidad de la rebeli\u00f3n ciudadana"},"content":{"rendered":"\n<p class=\"has-dark-gray-color has-text-color\"><a>En Espa\u00f1a el Gobierno Central ha derribado todos los contrapesos hacia su poder, sobrepasando todos los l\u00edmites legales, <em>como demuestra su apuesta absoluta con Marruecos frente a la mayor\u00eda de ciudadanos espa\u00f1oles, <\/em>de manera, que toda la teor\u00eda constitucional sobre la validez del Estado Social y Democr\u00e1tico de Derecho es papel mojado y, queda claro, que es leg\u00edtima la sublevaci\u00f3n pac\u00edfica ciudadana, tal y como, ocurri\u00f3 ayer en la defensa de Ceuta.<\/a><\/p>\n\n\n\n<p><strong>&lt;&lt;<\/strong>Superando el ESDD (la teor\u00eda) y en defensa del valor justicia constitucional &#8211; (art. 1.1 C. E.)<strong>&gt;&gt;<\/strong><\/p>\n\n\n\n<p>Se viene planteando un debate recurrente en la teor\u00eda del Estado y la filosof\u00eda del derecho, que en Espa\u00f1a ya se ha sobrepasado hace mucho tiempo y solo vamos hacia lo peor, de manera, que expondremos la teor\u00eda constitucional, aunque como ya se ha dicho ha sido superada ampliamente por los abusos del poder del Gobierno actual de Espa\u00f1a:<\/p>\n\n\n\n<p class=\"has-text-align-center\"><strong><em>\u201c<\/em><\/strong><em>La contraposici\u00f3n entre la *legitimidad iusnaturalista del <strong>Derecho de Resistencia a la Opresi\u00f3n\u201d<\/strong> y *la validez formal del Estado Social y Democr\u00e1tico de Derecho*<strong>\u201d<\/strong>.<\/em><\/p>\n\n\n\n<p>La evaluaci\u00f3n sobre la justificaci\u00f3n de la desobediencia o sublevaci\u00f3n requiere distinguir estrictamente entre el marco te\u00f3rico-filos\u00f3fico y el marco normativo constitucional actual.<\/p>\n\n\n\n<p>1.- El marco del iusnaturalismo ilustrado y la Declaraci\u00f3n de 1776.<\/p>\n\n\n\n<p>La doctrina expuesta por Thomas Jefferson en la Declaraci\u00f3n de Independencia de los EE. UU. (remanente de las tesis de John Locke en su <em>Segundo Tratado sobre el Gobierno Civil<\/em>) fundamenta la legitimidad pol\u00edtica en la existencia de un contrato social expl\u00edcito.<\/p>\n\n\n\n<p>Derechos inherentes e inalienables: Los individuos delegan parte de su libertad al Estado con la \u00fanica condici\u00f3n de que este proteja su vida, libertad y propiedad\/b\u00fasqueda de la felicidad.<\/p>\n\n\n\n<p>*Car\u00e1cter condicional de la autoridad: El gobierno no posee poder originario; su legitimidad de ejercicio depende estrictamente del cumplimiento de sus fines contractuales.<\/p>\n\n\n\n<p>*El umbral de ruptura: La desobediencia no se justifica ante controversias pol\u00edticas ordinarias ni actos aislados de desgobierno. <em><u>Exige la concurrencia probada de tres requisitos:<\/u><\/em><\/p>\n\n\n\n<p><em>1.- Agotamiento absoluto de las v\u00edas pac\u00edficas e institucionales.<\/em><\/p>\n\n\n\n<p><em>2.- Una cadena sistem\u00e1tica y continuada de abusos<\/em> que evidencie un dise\u00f1o deliberado hacia la tiran\u00eda o el despotismo.<\/p>\n\n\n\n<p><em>3.- Proporcionalidad y necesidad<\/em>, ante la ausencia total de un tercero neutral (tribunales o elecciones) a quien apelar.<\/p>\n\n\n\n<p>2.- El contraste con el marco constitucional e institucional espa\u00f1ol.<\/p>\n\n\n\n<p>En el Derecho Pol\u00edtico contempor\u00e1neo, los Estados democr\u00e1ticos constitucionalizados no tipifican ni reconocen el &#8220;derecho a la sublevaci\u00f3n&#8221; o la desobediencia generalizada como cauce legal, dado que el propio ordenamiento est\u00e1 dise\u00f1ado para autocorregir los excesos del poder p\u00fablico mediante controles internos.<\/p>\n\n\n\n<p>**Dentro del marco de la Constituci\u00f3n Espa\u00f1ola de 1978:<\/p>\n\n\n\n<p>*Soberan\u00eda y legalidad (Art. 1.2 y 9.1 CE): La soberan\u00eda reside en el conjunto del pueblo espa\u00f1ol y todos los poderes p\u00fablicos est\u00e1n sujetos a la Constituci\u00f3n y al resto del ordenamiento jur\u00eddico.<\/p>\n\n\n\n<p>*Mecanismos ordinarios de control: Frente a actuaciones presuntamente arbitrarias o ilegales del Ejecutivo, el sistema articula recursos ante la jurisdicci\u00f3n ordinaria, el Tribunal Supremo, el Tribunal Constitucional y, en \u00faltima instancia, el Tribunal Europeo de Derechos Humanos (TEDH) o el Tribunal de Justicia de la Uni\u00f3n Europea (TJUE).<\/p>\n\n\n\n<p>*Control pol\u00edtico y alternancia: La exigencia de responsabilidad pol\u00edtica se encauza a trav\u00e9s de las Cortes Generales (mociones de censura, comisiones de investigaci\u00f3n) y del ejercicio peri\u00f3dico del sufragio universal en elecciones libres.<\/p>\n\n\n\n<p>3.- La controversia sobre la erosi\u00f3n de los contrapesos.<\/p>\n\n\n\n<p>La discusi\u00f3n de si el Gobierno actual ha &#8220;sobrepasado&#8221; los l\u00edmites institucionales sit\u00faa el an\u00e1lisis en el terreno de la ciencia pol\u00edtica y la teor\u00eda constitucional contempor\u00e1nea, donde conviven dos posturas anal\u00edticas:<\/p>\n\n\n\n<p>A.- La tesis de la erosi\u00f3n institucional.<\/p>\n\n\n\n<p>Sostiene que la invasi\u00f3n de esferas de control neutral (nombramientos politizados en \u00f3rganos constitucionales, uso abusivo de la legislaci\u00f3n de urgencia como el Real Decreto-ley y desatenci\u00f3n a los \u00f3rganos consultivos) degrada los contrapesos formales desde dentro, de forma, <em>que bajo este prisma, la efectividad real de los controles se reduce a una apariencia formal, vaciando de contenido las garant\u00edas ciudadanas<\/em>.<\/p>\n\n\n\n<p>B.- La tesis de la vigencia del Estado de Derecho.<\/p>\n\n\n\n<p>Argumenta que, mientras los tribunales sigan dictando sentencias (incluso contrarias al Ejecutivo), el Parlamento mantenga la facultad de aprobar o rechazar leyes y se preserven las garant\u00edas para la celebraci\u00f3n de elecciones con pluralismo pol\u00edtico, el sistema democr\u00e1tico contin\u00faa operativo. Adicionalmente, la supervisi\u00f3n de las instituciones comunitarias de la Uni\u00f3n Europea act\u00faa como un contrapeso supraestatal efectivo sobre la calidad del Estado de Derecho.<\/p>\n\n\n\n<p>&lt;&lt;Conclusi\u00f3n jur\u00eddica&gt;&gt;<\/p>\n\n\n\n<p>En el pensamiento pol\u00edtico y legal contempor\u00e1neo, la <em><u>desobediencia civil<\/u><\/em> puede configurarse en casos puntuales como un acto p\u00fablico, pac\u00edfico y no violento para denunciar leyes injustas, asumiendo el desobediente las consecuencias legales de sus actos como prueba de fidelidad al sistema constitucional general.<\/p>\n\n\n\n<p>Sin embargo, para justificar la <em><u>sublevaci\u00f3n o el desconocimiento total de la autoridad de un Gobierno<\/u><\/em> bajo la doctrina cl\u00e1sica del Derecho de Resistencia, no basta con la percepci\u00f3n de un deterioro pol\u00edtico severo o una acusada polarizaci\u00f3n institucional. Formal y te\u00f3ricamente, se requerir\u00eda la constataci\u00f3n fehaciente del colapso del orden constitucional: Es decir, <em>la cancelaci\u00f3n del acceso a tribunales independientes, la imposibilidad de ejercer derechos fundamentales y la supresi\u00f3n de los mecanismos electorales de alternancia<\/em>. <\/p>\n\n\n\n<p><strong><u>N. B.<\/u><\/strong> Imagen. Sublevaci\u00f3n contra el poder &#8211; Espa\u00f1a sin contrapesos &#8211; Legitimidad de la rebeli\u00f3n ciudadana.<\/p>\n\n\n\n<figure class=\"wp-block-image size-large\"><a href=\"https:\/\/www.andalucialegal.com\/wp-content\/uploads\/2026\/09\/image.jpeg\" ><img loading=\"lazy\" width=\"850\" height=\"464\" src=\"https:\/\/www.andalucialegal.com\/wp-content\/uploads\/2026\/09\/image.jpeg\" alt=\"\" class=\"wp-image-5330\" srcset=\"https:\/\/www.andalucialegal.com\/wp-content\/uploads\/2026\/09\/image.jpeg 850w, https:\/\/www.andalucialegal.com\/wp-content\/uploads\/2026\/09\/image-300x164.jpeg 300w, https:\/\/www.andalucialegal.com\/wp-content\/uploads\/2026\/09\/image-768x419.jpeg 768w, https:\/\/www.andalucialegal.com\/wp-content\/uploads\/2026\/09\/image-624x341.jpeg 624w\" sizes=\"(max-width: 850px) 100vw, 850px\" \/><\/a><\/figure>\n\n\n\n<p>(Nota. En Espa\u00f1a el Gobierno Central ha derribado todos los contrapesos hacia su poder, <a><strong>sobrepasando todos los l\u00edmites legales, <em>como demuestra su apuesta absoluta con Marruecos frente a la mayor\u00eda de ciudadanos espa\u00f1oles<\/em><\/strong><\/a>, de manera, que toda la teor\u00eda constitucional sobre la validez del Estado Social y Democr\u00e1tico de Derecho expuesta es papel mojado, y, queda claro, <em><u>que ya es leg\u00edtima la sublevaci\u00f3n pac\u00edfica ciudadana<\/u><\/em>, tal y como, ocurri\u00f3 ayer en la defensa de Ceuta en toda Espa\u00f1a.<\/p>\n\n\n\n<p class=\"has-text-align-center\"><em>Solo queda aumentar la presi\u00f3n pac\u00edfica ciudadana en todas partes, sean p\u00fablicas o privadas, empezando por todas las instituciones y administraciones p\u00fablicas y terminando con todas las empresas privadas, formando una desobediencia civil total al poder de un Gobierno que ya es ileg\u00edtimo.<\/em>).<\/p>\n\n\n\n<p>C\u00f3rdoba, 3 de septiembre de 2026.<\/p>\n\n\n\n<p>Fdo. &nbsp;Enrique Garc\u00eda Montoya,<\/p>\n\n\n\n<p>Abogado ICA-C\u00f3rdoba. Inspector de Trabajo y S.S.<\/p>\n\n\n\n<p>Exconcejal&nbsp; y Exdiputado provincial de C\u00f3rdoba.<\/p>\n\n\n\n<p>Exdiputado del Parlamento de Andaluc\u00eda.<\/p>\n<!-- AddThis Advanced Settings generic via filter on the_content --><!-- AddThis Share Buttons generic via filter on the_content -->","protected":false},"excerpt":{"rendered":"<p>En Espa\u00f1a el Gobierno Central ha derribado todos los contrapesos hacia su poder, sobrepasando todos los l\u00edmites legales, como demuestra su apuesta absoluta con Marruecos frente a la mayor\u00eda de ciudadanos espa\u00f1oles, de manera, que toda la teor\u00eda constitucional sobre la validez del Estado Social y Democr\u00e1tico de Derecho es papel mojado y, queda claro, [&hellip;]<!-- AddThis Advanced Settings generic via filter on get_the_excerpt --><!-- AddThis Share Buttons generic via filter on get_the_excerpt --><\/p>\n","protected":false},"author":2,"featured_media":0,"comment_status":"closed","ping_status":"closed","sticky":false,"template":"","format":"standard","meta":[],"categories":[1],"tags":[73,6260,2799,1415,5973,3069,137,2087,92,181,1201,298,6253,457,392,6257,3177,855,3550,6254,222,2035,179,742,6095,217,3495,276,2093,193,3865,5986,225,6255,2337,262,3532,2395,1365,6258,2346,3767,257,2834,5811,216,6256,2472],"_links":{"self":[{"href":"https:\/\/www.andalucialegal.com\/index.php?rest_route=\/wp\/v2\/posts\/5329"}],"collection":[{"href":"https:\/\/www.andalucialegal.com\/index.php?rest_route=\/wp\/v2\/posts"}],"about":[{"href":"https:\/\/www.andalucialegal.com\/index.php?rest_route=\/wp\/v2\/types\/post"}],"author":[{"embeddable":true,"href":"https:\/\/www.andalucialegal.com\/index.php?rest_route=\/wp\/v2\/users\/2"}],"replies":[{"embeddable":true,"href":"https:\/\/www.andalucialegal.com\/index.php?rest_route=%2Fwp%2Fv2%2Fcomments&post=5329"}],"version-history":[{"count":1,"href":"https:\/\/www.andalucialegal.com\/index.php?rest_route=\/wp\/v2\/posts\/5329\/revisions"}],"predecessor-version":[{"id":5331,"href":"https:\/\/www.andalucialegal.com\/index.php?rest_route=\/wp\/v2\/posts\/5329\/revisions\/5331"}],"wp:attachment":[{"href":"https:\/\/www.andalucialegal.com\/index.php?rest_route=%2Fwp%2Fv2%2Fmedia&parent=5329"}],"wp:term":[{"taxonomy":"category","embeddable":true,"href":"https:\/\/www.andalucialegal.com\/index.php?rest_route=%2Fwp%2Fv2%2Fcategories&post=5329"},{"taxonomy":"post_tag","embeddable":true,"href":"https:\/\/www.andalucialegal.com\/index.php?rest_route=%2Fwp%2Fv2%2Ftags&post=5329"}],"curies":[{"name":"wp","href":"https:\/\/api.w.org\/{rel}","templated":true}]}}