{"id":5332,"date":"2026-09-05T07:02:33","date_gmt":"2026-09-05T05:02:33","guid":{"rendered":"https:\/\/www.andalucialegal.com\/?p=5332"},"modified":"2026-09-05T07:02:33","modified_gmt":"2026-09-05T05:02:33","slug":"espejismo-laboral-en-espana-analisis-de-la-afiliacion-y-contratacion-agosto-2026-precariedad","status":"publish","type":"post","link":"https:\/\/www.andalucialegal.com\/?p=5332","title":{"rendered":"ESPEJISMO LABORAL EN ESPA\u00d1A &#8211; (An\u00e1lisis de la afiliaci\u00f3n y contrataci\u00f3n)  (Agosto 2026) &#8211; (Precariedad)."},"content":{"rendered":"\n<p>S\u00cdNTESIS EJECUTIVA DE RUPTURA. Frente a la narrativa oficialista que celebra el hito hist\u00f3rico de los <strong>22,3<\/strong> millones de afiliados, el presente an\u00e1lisis sociojur\u00eddico demuestra que el mercado de trabajo espa\u00f1ol atraviesa una <strong>*<\/strong>crisis de fragmentaci\u00f3n structural<strong>*<\/strong>. <em>La reducci\u00f3n de la temporalidad nominal esconde un fen\u00f3meno masivo de precariedad juridificada<\/em>, donde la duraci\u00f3n media del contrato ha ca\u00eddo a m\u00ednimos de dos d\u00e9cadas (<strong>45,83<\/strong> d\u00edas) y la creaci\u00f3n neta de empleo responde de forma abrumadora (<strong>71%<\/strong>) a la regularizaci\u00f3n administrativa extraordinaria de mano de obra extranjera, tapando la recesi\u00f3n del empleo nacional.<\/p>\n\n\n\n<p>1.- La deconstrucci\u00f3n de la verdad oficial &#8211; (Afiliaci\u00f3n r\u00e9cord vs. trabajo efectivo).<\/p>\n\n\n\n<p>El triunfalismo institucional erigido sobre el par\u00e1metro cuantitativo de los <strong>22,3<\/strong> millones de cotizantes omite deliberadamente la m\u00e9trica clave de la salud laboral:<\/p>\n\n\n\n<p class=\"has-text-align-center\"><strong><em>\u201c<\/em><\/strong><em>El volumen de trabajo efectivo medido en horas trabajadas por cotizante<strong>\u201d<\/strong>.<\/em><\/p>\n\n\n\n<p>La reforma laboral de 2022 oper\u00f3 un trasvase categorial, pero no una transformaci\u00f3n del modelo productivo, de forma, que se ha sustituido la figura del trabajador temporal por la del <em>fijo-discontinuo e indefinido rotatorio<\/em>, fraccionando la masa salarial y repartiendo la precariedad entre un n\u00famero mayor de titulares contractuales.<\/p>\n\n\n\n<figure class=\"wp-block-table\"><table><tbody><tr><td><strong>Variable Analizada<\/strong><\/td><td><strong>Dato Oficial (Agosto 2026)<\/strong><\/td><td><strong>Lectura Oficial \/ Convencional<\/strong><\/td><td><strong>Diagn\u00f3stico Cr\u00edtico \/ Ruptura<\/strong><\/td><\/tr><tr><td>Afiliaci\u00f3n Total<\/td><td><strong>22,3<\/strong> millones de cotizantes<\/td><td>&#8220;M\u00e1ximo hist\u00f3rico de empleo y robustez&#8221;<\/td><td>Dopaje estad\u00edstico por regularizaciones y reparto de horas entre m\u00e1s contratos.<\/td><\/tr><tr><td>Duraci\u00f3n Media Contractual<\/td><td><strong>45,83<\/strong> d\u00edas (M\u00ednimo en 20 a\u00f1os)<\/td><td>&#8220;Ajuste estacional coyuntural&#8221;<\/td><td>Hiper-rotaci\u00f3n institucionalizada. Los contratos indefinidos funcionan operativamente como temporales.<\/td><\/tr><tr><td>Temporalidad Asalariada<\/td><td><strong>13,6%<\/strong> (+0,4% desestacionalizado)<\/td><td>&#8220;Estabilizaci\u00f3n tras la Reforma 2022&#8221;<\/td><td>Repunte sostenido durante 6 meses. Fracaso de la rigidez normativa sin cambio de matriz productiva.<\/td><\/tr><tr><td>Nacional vs. Extranjero<\/td><td>Nacional: <strong>-4.000<\/strong> \/ Extranjero: <strong>+74.000<\/strong><\/td><td>&#8220;Dinamismo e integraci\u00f3n laboral&#8221;<\/td><td>Destrucci\u00f3n neta del empleo nacional. El saldo positivo depende en un <strong>68%<\/strong> de regularizaciones.<\/td><\/tr><\/tbody><\/table><figcaption>ficci\u00f3n, contrato, <\/figcaption><\/figure>\n\n\n\n<p>2.- La ficci\u00f3n del contrato indefinido &#8211; (Duraci\u00f3n m\u00ednima y pluri-firmer fraudulenta.<\/p>\n\n\n\n<p>**El dogma de que la firma de un contrato indefinido garantiza la estabilidad salarial y vital queda completamente desmantelado ante la evidencia emp\u00edrica del verano de 2026:<\/p>\n\n\n\n<p>*El colapso de la duraci\u00f3n media: En julio de 2026, la duraci\u00f3n media de la contrataci\u00f3n se situ\u00f3 en <strong>45,83<\/strong> d\u00edas, con m\u00e1s de un tercio de la totalidad de contratos formalizados por un periodo inferior a <strong>30<\/strong> d\u00edas.<\/p>\n\n\n\n<p>*El fen\u00f3meno de los &#8220;Falsos Indefinidos&#8221;: La detecci\u00f3n por parte de la consultora Randstad de m\u00e1s de <strong>22.000<\/strong> trabajadores que firmaron m\u00faltiples contratos indefinidos en un \u00fanico mes (agosto) pone al descubierto un uso abusivo del periodo de prueba y de las bajas voluntarias\/despidos pactados.<\/p>\n\n\n\n<p>*El repunte de la temporalidad abierta: Con un incremento desestacionalizado del <strong>0,4%<\/strong> en agosto y picos del <strong>0,7%<\/strong> en mayo, la temporalidad se sit\u00faa en el <strong>13,6%<\/strong>, confirmando que los sectores estacionales han agotado el margen de absorci\u00f3n de la normativa de 2022.<\/p>\n\n\n\n<figure class=\"wp-block-table\"><table><tbody><tr><td class=\"has-text-align-center\" data-align=\"center\"><em>&#8220;No estamos ante la erradicaci\u00f3n de la precariedad, sino ante su juridificaci\u00f3n: <strong>*<\/strong>la sustituci\u00f3n del contrato temporal extinto por el contrato indefinido de desecho, donde la estabilidad es puramente nominal y el despido o la inactividad sustituyen al vencimiento de t\u00e9rmino<strong>*<\/strong>.&#8221;<\/em><\/td><\/tr><\/tbody><\/table><\/figure>\n\n\n\n<p>3.- Regularizaci\u00f3n Extraordinaria &#8211; (Subvenci\u00f3n demogr\u00e1fica a la ineficiencia empresarial).<\/p>\n\n\n\n<p>El proceso extraordinario de regularizaci\u00f3n de 2026, con <strong>337.917 <\/strong>extranjeros afiliados a 31 de agosto (269.627 en R\u00e9gimen General y 16.912 en Aut\u00f3nomos), requiere un an\u00e1lisis exento de sesgos partidistas o bienintencionados.<\/p>\n\n\n\n<p>Mientras que el discurso institucional ensalza la medida como un avance social, el an\u00e1lisis econ\u00f3mico-jur\u00eddico riguroso revela una paradoja estructural:<\/p>\n\n\n\n<p class=\"has-text-align-center\"><em>\u201cLa regularizaci\u00f3n ha actuado como una inyecci\u00f3n de mano de obra intensiva que rescata a sectores de muy baja productividad\u201d\u00b7Al aportar un contingente de trabajadores en situaci\u00f3n de alta vulnerabilidad socioecon\u00f3mica, el sistema productivo posterga las inversiones necesarias en automatizaci\u00f3n, digitalizaci\u00f3n y valor a\u00f1adido.<\/em><\/p>\n\n\n\n<p>Asimismo, la brecha entre la p\u00e9rdida desestacionalizada de <strong>4.000<\/strong> afiliados nacionales y el aumento de <strong>74.000<\/strong> afiliados extranjeros en agosto demuestra que el motor del empleo nacional est\u00e1 apagado, ya que, sin el efecto afloramiento de la regularizaci\u00f3n administrativa, Espa\u00f1a estar\u00eda registrando cifras de estancamiento o destrucci\u00f3n neta de puestos de trabajo, situaci\u00f3n corroborada por el incremento en <strong>44.419<\/strong> personas del paro registrado en agosto (el peor registro desde 2019).<\/p>\n\n\n\n<p>4.- Los cuatro dogmas oficiales falsos.<\/p>\n\n\n\n<p>Dogma 1: &#8220;La Reforma Laboral elimin\u00f3 la precariedad.&#8221; <strong>*<\/strong>Realidad: La precariedad ha migrado a la duraci\u00f3n real de la relaci\u00f3n laboral y a la imprevisibilidad de los llamamientos en los contratos fijos-discontinuos.<\/p>\n\n\n\n<p>Dogma 2: &#8220;Los 22,3 millones de afiliados garantizan la sostenibilidad de la Seguridad Social.&#8221; <strong>*<\/strong>Realidad: Cotizaciones basadas en salarios de bajos ingresos y jornadas parciales divididas generan ingresos marginales insuficientes para equilibrar el d\u00e9ficit del sistema pensional.<\/p>\n\n\n\n<p>Dogma 3: &#8220;La regularizaci\u00f3n crea empleo neto genuino.&#8221; <strong>*<\/strong>Realidad: Transforma cotizantes informales en informales administrativos sin incrementar la productividad total de los factores (PTF).<\/p>\n\n\n\n<p>Dogma 4: &#8220;El desempleo se mantiene contenido.&#8221; <strong>*<\/strong>Realidad: El repunte de <strong>44.419<\/strong> desempleados en agosto expone las tensiones de absorci\u00f3n del mercado, exacerbadas por la inscripci\u00f3n masiva de regularizados previa a su contrataci\u00f3n formal.<\/p>\n\n\n\n<p>5.- Propuestas de ruptura y reingenier\u00eda normativa. &nbsp;<\/p>\n\n\n\n<p>1.- Implantaci\u00f3n del \u00edndice de volatilidad contractual real (IVCR): Sustituci\u00f3n del indicador estad\u00edstico de &#8220;modalidad formal de contrato&#8221; por una m\u00e9trica objetiva que audite la estabilidad efectiva por trabajador (d\u00edas trabajados consecutivos \/ d\u00edas del a\u00f1o natural). Aquellas empresas cuyos contratos indefinidos no superen los 180 d\u00edas continuados sufrir\u00e1n un recargo autom\u00e1tico en las cotizaciones a la Seguridad Social.<\/p>\n\n\n\n<p>2. Auditor\u00eda algor\u00edtmica preventiva del periodo de prueba: Fiscalizaci\u00f3n automatizada por la Inspecci\u00f3n de Trabajo sobre empresas que utilicen el desistimiento en periodo de prueba de forma recurrente como sustituto del despido improcedente o la contrataci\u00f3n temporal.<\/p>\n\n\n\n<p>3. Condicionalidad de las regularizaciones a planes de recualificaci\u00f3n: Obligaci\u00f3n legal para las empresas empleadoras de trabajadores regularizados de cofinanciar planes de formaci\u00f3n t\u00e9cnica que mejoren la productividad y eviten el encasillamiento en nichos de precariedad sist\u00e9mica.<\/p>\n\n\n\n<p>4. Transparencia estad\u00edstica integral: Publicaci\u00f3n desagregada de la afiliaci\u00f3n diferenciando horas trabajadas efectivas, masa salarial cotizada y trayectoria contractual continua de los trabajadores.<\/p>\n\n\n\n<p class=\"has-dark-gray-color has-text-color\"><strong><u>N.B.<\/u><\/strong> <a><strong>Im\u00e1genes. ESPEJISMO LABORAL EN ESPA\u00d1A \u2013 (An\u00e1lisis sociojur\u00eddico cr\u00edtico y disruptivo de la afiliaci\u00f3n y contrataci\u00f3n) &#8211;\u00a0 (Agosto 2026). -Precariedad<\/strong><\/a>.<\/p>\n\n\n\n<p><strong>1\u00aa.<\/strong> Imagen. La cifra deslumbrante de los <strong>22,3 Millones<\/strong>, representa el triunfo cuantitativo oficial. La estructura de andamios mec\u00e1nicos que se desmorona en peque\u00f1os relojes de arena, simbolizan la dr\u00e1stica ca\u00edda de la duraci\u00f3n media de los contratos a apenas <strong>45<\/strong> d\u00edas; y, la cascada de contratos de trabajo rotos y fragmentados que flota en el aire sobre un suelo inestable de piezas de puzle, reflejan la realidad de la rotaci\u00f3n indefinida y los falsos indefinidos.<\/p>\n\n\n\n<figure class=\"wp-block-image size-large\"><a href=\"https:\/\/www.andalucialegal.com\/wp-content\/uploads\/2026\/09\/image-1.jpeg\" ><img loading=\"lazy\" width=\"993\" height=\"555\" src=\"https:\/\/www.andalucialegal.com\/wp-content\/uploads\/2026\/09\/image-1.jpeg\" alt=\"\" class=\"wp-image-5333\" srcset=\"https:\/\/www.andalucialegal.com\/wp-content\/uploads\/2026\/09\/image-1.jpeg 993w, https:\/\/www.andalucialegal.com\/wp-content\/uploads\/2026\/09\/image-1-300x168.jpeg 300w, https:\/\/www.andalucialegal.com\/wp-content\/uploads\/2026\/09\/image-1-768x429.jpeg 768w, https:\/\/www.andalucialegal.com\/wp-content\/uploads\/2026\/09\/image-1-624x349.jpeg 624w\" sizes=\"(max-width: 993px) 100vw, 993px\" \/><\/a><\/figure>\n\n\n\n<p><strong>2\u00aa.<\/strong> Imagen. Espejismo y cr\u00edtica de la precariedad.<\/p>\n\n\n\n<figure class=\"wp-block-image size-large\"><a href=\"https:\/\/www.andalucialegal.com\/wp-content\/uploads\/2026\/09\/image-2.jpeg\" ><img loading=\"lazy\" width=\"993\" height=\"555\" src=\"https:\/\/www.andalucialegal.com\/wp-content\/uploads\/2026\/09\/image-2.jpeg\" alt=\"\" class=\"wp-image-5334\" srcset=\"https:\/\/www.andalucialegal.com\/wp-content\/uploads\/2026\/09\/image-2.jpeg 993w, https:\/\/www.andalucialegal.com\/wp-content\/uploads\/2026\/09\/image-2-300x168.jpeg 300w, https:\/\/www.andalucialegal.com\/wp-content\/uploads\/2026\/09\/image-2-768x429.jpeg 768w, https:\/\/www.andalucialegal.com\/wp-content\/uploads\/2026\/09\/image-2-624x349.jpeg 624w\" sizes=\"(max-width: 993px) 100vw, 993px\" \/><\/a><\/figure>\n\n\n\n<p>Cordoba, 4 de septiembre de 2026.<\/p>\n\n\n\n<p>Fdo. Enrique Garc\u00eda Montoya.<\/p>\n\n\n\n<p>Abogado ICA-C\u00f3rdoba &#8211; Inspector de Trabajo y Seguridad Social.<\/p>\n\n\n\n<p>Exconcejal y Exdiputado Provincial de C\u00f3rdoba,<\/p>\n\n\n\n<p>Exdiputado del Parlamento de Andaluc\u00eda.<\/p>\n<!-- AddThis Advanced Settings generic via filter on the_content --><!-- AddThis Share Buttons generic via filter on the_content -->","protected":false},"excerpt":{"rendered":"<p>S\u00cdNTESIS EJECUTIVA DE RUPTURA. Frente a la narrativa oficialista que celebra el hito hist\u00f3rico de los 22,3 millones de afiliados, el presente an\u00e1lisis sociojur\u00eddico demuestra que el mercado de trabajo espa\u00f1ol atraviesa una *crisis de fragmentaci\u00f3n structural*. La reducci\u00f3n de la temporalidad nominal esconde un fen\u00f3meno masivo de precariedad juridificada, donde la duraci\u00f3n media del [&hellip;]<!-- AddThis Advanced Settings generic via filter on get_the_excerpt --><!-- AddThis Share Buttons generic via filter on get_the_excerpt --><\/p>\n","protected":false},"author":2,"featured_media":0,"comment_status":"closed","ping_status":"closed","sticky":false,"template":"","format":"standard","meta":[],"categories":[1],"tags":[1430,4347,3486,6144,2208,4727,833,3985,1470,6267,698,321,222,4868,6266,1469,3495,5395,1155,5839,1764,6193,253,489,1448,1086,509,110,271,68,3767,194,6263,1855,2561,1109,331,6265,588,6196],"_links":{"self":[{"href":"https:\/\/www.andalucialegal.com\/index.php?rest_route=\/wp\/v2\/posts\/5332"}],"collection":[{"href":"https:\/\/www.andalucialegal.com\/index.php?rest_route=\/wp\/v2\/posts"}],"about":[{"href":"https:\/\/www.andalucialegal.com\/index.php?rest_route=\/wp\/v2\/types\/post"}],"author":[{"embeddable":true,"href":"https:\/\/www.andalucialegal.com\/index.php?rest_route=\/wp\/v2\/users\/2"}],"replies":[{"embeddable":true,"href":"https:\/\/www.andalucialegal.com\/index.php?rest_route=%2Fwp%2Fv2%2Fcomments&post=5332"}],"version-history":[{"count":1,"href":"https:\/\/www.andalucialegal.com\/index.php?rest_route=\/wp\/v2\/posts\/5332\/revisions"}],"predecessor-version":[{"id":5335,"href":"https:\/\/www.andalucialegal.com\/index.php?rest_route=\/wp\/v2\/posts\/5332\/revisions\/5335"}],"wp:attachment":[{"href":"https:\/\/www.andalucialegal.com\/index.php?rest_route=%2Fwp%2Fv2%2Fmedia&parent=5332"}],"wp:term":[{"taxonomy":"category","embeddable":true,"href":"https:\/\/www.andalucialegal.com\/index.php?rest_route=%2Fwp%2Fv2%2Fcategories&post=5332"},{"taxonomy":"post_tag","embeddable":true,"href":"https:\/\/www.andalucialegal.com\/index.php?rest_route=%2Fwp%2Fv2%2Ftags&post=5332"}],"curies":[{"name":"wp","href":"https:\/\/api.w.org\/{rel}","templated":true}]}}